{"id":2750,"date":"2014-12-29T11:10:18","date_gmt":"2014-12-29T10:10:18","guid":{"rendered":"http:\/\/www.acetaiavillabianca.com\/?p=2750"},"modified":"2015-01-20T10:53:12","modified_gmt":"2015-01-20T09:53:12","slug":"expo-giocare-in-casa-piu-facile-meno-utile","status":"publish","type":"post","link":"https:\/\/www.acetaiavillabianca.com\/de\/expo-giocare-in-casa-piu-facile-meno-utile\/","title":{"rendered":"Claudio Biancardi"},"content":{"rendered":"<p><\/p>\n<p>Pubblichiamo la <b>lettera<\/b> aperta al direttore della <b>Gazzetta di Modena<\/b> scritta da Claudio Biancardi apparsa\u00a0lo scorso 23 dicembre. La lettera \u00e8 stata inviata sprovvista di titolo, ringraziamo il direttore Enrico Grazioli per averne scelto uno cos\u00ec efficace e incisivo.<\/p>\n<div id=\"attachment_2759\" style=\"width: 810px\" class=\"wp-caption aligncenter\"><img loading=\"lazy\" decoding=\"async\" aria-describedby=\"caption-attachment-2759\" class=\"wp-image-2759\" src=\"http:\/\/www.acetaiavillabianca.com\/wp-content\/uploads\/2014\/12\/gazzetta.jpg\" alt=\"gazzetta\" width=\"800\" height=\"487\" \/><p id=\"caption-attachment-2759\" class=\"wp-caption-text\">La lettera pubblicata sulla Gazzetta di Modena<\/p><\/div>\n<h3 style=\"text-align: center;\">Expo, giocare in casa pi\u00f9 facile, meno utile<\/h3>\n<p>\u00c8 di questi giorni la polemica secondo la quale i prodotti tipici modenesi vorrebbero sfrattare l\u2019arte dalla Palazzina del Vigarani, per far vetrina a Modena in occasione dell\u2019EXPO.<br \/>L\u2019iniziativa che andrebbe a stravolgere la programmazione degli eventi artistici del 2015 ha indotto il Direttore della Galleria Civica di Modena Marco Pierini, in segno di protesta, a rassegnare le dimissioni.<br \/>Crediamo che di questi eventi si debba dare una lettura diversa. I prodotti tipici e i produttori non c\u2019entrano, ma bens\u00ec i nostri politici e amministratori.<br \/>Ancora una volta, infatti, gli amministratori Modenesi danno prova della loro visione provincialistica degli eventi. Invece di accogliere l\u2019evento dell\u2019EXPO 2015 come un\u2019occasione unica di trasferta all\u2019interno di una vetrina internazionale, ne stanno tentando la diluizione trattenendo a Modena una parte importante di quelle risorse e di quelle energie che dovrebbero essere spese altrove, e per valorizzare un\u2019eccellenza ne sacrificano un\u2019altra. Giocare in casa \u00e8 molto pi\u00f9 facile! Non \u00e8 necessario nemmeno citare correttamente le denominazioni di origine e distinguerle tra loro: che il \u201cbalsamico&#8220; sia Tradizionale o no a loro poco importa! Tanto l\u2019Aceto Balsamico Tradizionale di Modena \u00e8 arte.<br \/>I nostri amministratori i voti li prendono sul territorio e non all\u2019EXPO e i politici, che si stanno impossessando sempre pi\u00f9 dei Consorzi dei prodotti tipici, non vogliono apparire altrove ma sul territorio che gli assicura il consenso degli elettori. Ai produttori modenesi, al contrario, interessa molto pi\u00f9 partecipare all\u2019EXPO perch\u00e9 \u00e8 l\u00e0 che si devono far conoscere le nostre eccellenze e soprattutto perch\u00e9 \u00e8 l\u00e0 che si possono aprire nuovi canali commerciali.<\/p>\n<p><\/p>","protected":false},"excerpt":{"rendered":"<p>Pubblichiamo la lettera aperta al direttore della Gazzetta di Modena scritta da Claudio Biancardi apparsa\u00a0lo scorso 23 dicembre. La lettera \u00e8 stata inviata sprovvista di titolo, ringraziamo il direttore Enrico Grazioli per averne scelto uno cos\u00ec efficace e incisivo. Expo, giocare in casa pi\u00f9 facile, meno utile \u00c8 di questi giorni la polemica secondo la [&hellip;]<\/p>\n","protected":false},"author":3,"featured_media":2759,"comment_status":"closed","ping_status":"closed","sticky":false,"template":"","format":"standard","meta":{"footnotes":""},"categories":[22],"tags":[],"class_list":["post-2750","post","type-post","status-publish","format-standard","has-post-thumbnail","hentry","category-news"],"_links":{"self":[{"href":"https:\/\/www.acetaiavillabianca.com\/de\/wp-json\/wp\/v2\/posts\/2750","targetHints":{"allow":["GET"]}}],"collection":[{"href":"https:\/\/www.acetaiavillabianca.com\/de\/wp-json\/wp\/v2\/posts"}],"about":[{"href":"https:\/\/www.acetaiavillabianca.com\/de\/wp-json\/wp\/v2\/types\/post"}],"author":[{"embeddable":true,"href":"https:\/\/www.acetaiavillabianca.com\/de\/wp-json\/wp\/v2\/users\/3"}],"replies":[{"embeddable":true,"href":"https:\/\/www.acetaiavillabianca.com\/de\/wp-json\/wp\/v2\/comments?post=2750"}],"version-history":[{"count":17,"href":"https:\/\/www.acetaiavillabianca.com\/de\/wp-json\/wp\/v2\/posts\/2750\/revisions"}],"predecessor-version":[{"id":2775,"href":"https:\/\/www.acetaiavillabianca.com\/de\/wp-json\/wp\/v2\/posts\/2750\/revisions\/2775"}],"wp:featuredmedia":[{"embeddable":true,"href":"https:\/\/www.acetaiavillabianca.com\/de\/wp-json\/wp\/v2\/media\/2759"}],"wp:attachment":[{"href":"https:\/\/www.acetaiavillabianca.com\/de\/wp-json\/wp\/v2\/media?parent=2750"}],"wp:term":[{"taxonomy":"category","embeddable":true,"href":"https:\/\/www.acetaiavillabianca.com\/de\/wp-json\/wp\/v2\/categories?post=2750"},{"taxonomy":"post_tag","embeddable":true,"href":"https:\/\/www.acetaiavillabianca.com\/de\/wp-json\/wp\/v2\/tags?post=2750"}],"curies":[{"name":"wp","href":"https:\/\/api.w.org\/{rel}","templated":true}]}}