{"id":2648,"date":"2014-12-22T12:11:04","date_gmt":"2014-12-22T11:11:04","guid":{"rendered":"http:\/\/www.acetaiavillabianca.com\/?p=2648"},"modified":"2015-03-05T12:02:24","modified_gmt":"2015-03-05T11:02:24","slug":"palazzina-dei-giardini-prodotti-tipici","status":"publish","type":"post","link":"https:\/\/www.acetaiavillabianca.com\/de\/palazzina-dei-giardini-prodotti-tipici\/","title":{"rendered":"La Palazzina dei Giardini e i prodotti tipici"},"content":{"rendered":"<p><div id=\"attachment_2651\" style=\"width: 801px\" class=\"wp-caption aligncenter\"><img loading=\"lazy\" decoding=\"async\" aria-describedby=\"caption-attachment-2651\" class=\"size-full wp-image-2651\" src=\"http:\/\/www.acetaiavillabianca.com\/wp-content\/uploads\/2014\/12\/la_mela_gnoli.jpg\" alt=\"La mela, Domenico Gnoli. Nel 2001 la Palazzina dei Giardini ospit\u00f2 una retrospettiva sull'artista.\" width=\"791\" height=\"604\" \/><p id=\"caption-attachment-2651\" class=\"wp-caption-text\">La mela, Domenico Gnoli. Nel 2001 la Palazzina dei Giardini ospit\u00f2 una retrospettiva sull&#8217;artista.<\/p><\/div><\/p>\n<p class=\"p1\" style=\"text-align: left;\"><span class=\"s1\"><i>\u201c<\/i><\/span><em><span class=\"s2\">\u2026 sfrattare l\u2019arte e accogliere i prodotti tipici (verso i quali non ho alcuna riserva, beninteso, anzi&#8230;) significa, a me pare, prediligere un\u2019immagine di citt\u00e0 a misura del turista consumatore, piuttosto che del cittadino consapevole&#8220;<\/span><\/em><span class=\"s1\"><i>.\u00a0<\/i><\/span>Condividiamo le parole di Marco Pierini, ex direttore della Galleria Civica di Modena ed esprimiamo a lui il nostro sostegno e la nostra solidariet\u00e0.<\/p>\n<p class=\"p2\"><b>L&#8217;Antica Acetaia Villa Bianca aderisce alla protesta contro la decisione di destinare la Palazzina dei Giardini Ducali a sede del Villaggio del Gusto<\/b> dal maggio all\u2019ottobre 2015. C&#8217;\u00e8 chi potrebbe chiedersi: &#8222;Ma come, proprio voi che producete il pi\u00f9 famoso prodotto gastronomico della provincia di Modena, non siete felici della novit\u00e0?&#8220;. La domanda sorge spontanea e in questo articolo\u00a0spieghiamo perch\u00e9 la notizia non ci rallegra affatto.<\/p>\n<p class=\"p2\">La prima ragione \u00e8 di ordine generale ed ha a che fare con il &#8222;dove&#8220;, con la scelta del luogo espositivo; la seconda motivazione, invece, \u00e8 legata al &#8222;cosa&#8220;, ai protagonisti dell&#8217;esposizione.<\/p>\n<p class=\"p2\"><strong>DOVE<\/strong> \u2014 La Palazzina dei Giardini \u00e8 stata, ed \u00e8, un importante luogo di formazione culturale per i cittadini modenesi. Dal 1983 \u00e8 sede espositiva della Galleria Civica ed ospita mostre d&#8217;arte. La sua posizione e i suoi spazi sono congeniali all&#8217;esposizione. Perch\u00e9 allora non quella di prodotti tipici? <b>Riteniamo che gli spazi per promuovere l&#8217;enogastronomia modenese vadano cercati altrove, senza toccare quelli dedicati all&#8217;arte<\/b>. Inoltre, crediamo che per capire e conoscere i prodotti tipici non serva visitare un museo multimediale, ma i loro luoghi di origine e produzione.<\/p>\n<p class=\"p2\"><strong>COSA<\/strong> \u2014 Al \u201cVillaggio del gusto\u201d saranno presenti i consorzi che attualmente hanno sede al Palatipico. A rappresentare l\u2019Aceto Balsamico Tradizionale di Modena DOP (Denominazione di Origine Protetta)\u00a0sar\u00e0 il\u00a0\u201cConsorzio Tutela Aceto Balsamico Tradizionale di Modena\u201d; il suddetto consorzio ha ricevuto dal Ministero l&#8217;incarico di svolgere l\u2019attivit\u00e0 di vigilanza sui mercati, ma, nonostante ripetute richieste,\u00a0<b>non ha mai fornito informazioni sull&#8217;attivit\u00e0 che svolge e neppure sull\u2019utilizzo del contributo richiesto ai produttori\u00a0<\/b>(per approfondire questa questione vi invitiamo a leggere l&#8217;articolo \u201c<a href=\"http:\/\/www.acetaiavillabianca.com\/aspettiamo-risposte\/\" target=\"_blank\">Aspettiamo risposte<\/a>\u201d.)<\/p>\n<p class=\"p2\">Con questo articolo invitiamo i produttori di Aceto Balsamico Tradizionale di Modena a unirsi alla protesta e a esprimere il loro parere.<\/p>\n<p><\/p>","protected":false},"excerpt":{"rendered":"<p>\u201c\u2026 sfrattare l\u2019arte e accogliere i prodotti tipici (verso i quali non ho alcuna riserva, beninteso, anzi&#8230;) significa, a me pare, prediligere un\u2019immagine di citt\u00e0 a misura del turista consumatore, piuttosto che del cittadino consapevole&#8220;.\u00a0Condividiamo le parole di Marco Pierini, ex direttore della Galleria Civica di Modena ed esprimiamo a lui il nostro sostegno e [&hellip;]<\/p>\n","protected":false},"author":3,"featured_media":2651,"comment_status":"closed","ping_status":"closed","sticky":false,"template":"","format":"standard","meta":{"footnotes":""},"categories":[22],"tags":[],"class_list":["post-2648","post","type-post","status-publish","format-standard","has-post-thumbnail","hentry","category-news"],"_links":{"self":[{"href":"https:\/\/www.acetaiavillabianca.com\/de\/wp-json\/wp\/v2\/posts\/2648","targetHints":{"allow":["GET"]}}],"collection":[{"href":"https:\/\/www.acetaiavillabianca.com\/de\/wp-json\/wp\/v2\/posts"}],"about":[{"href":"https:\/\/www.acetaiavillabianca.com\/de\/wp-json\/wp\/v2\/types\/post"}],"author":[{"embeddable":true,"href":"https:\/\/www.acetaiavillabianca.com\/de\/wp-json\/wp\/v2\/users\/3"}],"replies":[{"embeddable":true,"href":"https:\/\/www.acetaiavillabianca.com\/de\/wp-json\/wp\/v2\/comments?post=2648"}],"version-history":[{"count":37,"href":"https:\/\/www.acetaiavillabianca.com\/de\/wp-json\/wp\/v2\/posts\/2648\/revisions"}],"predecessor-version":[{"id":2694,"href":"https:\/\/www.acetaiavillabianca.com\/de\/wp-json\/wp\/v2\/posts\/2648\/revisions\/2694"}],"wp:featuredmedia":[{"embeddable":true,"href":"https:\/\/www.acetaiavillabianca.com\/de\/wp-json\/wp\/v2\/media\/2651"}],"wp:attachment":[{"href":"https:\/\/www.acetaiavillabianca.com\/de\/wp-json\/wp\/v2\/media?parent=2648"}],"wp:term":[{"taxonomy":"category","embeddable":true,"href":"https:\/\/www.acetaiavillabianca.com\/de\/wp-json\/wp\/v2\/categories?post=2648"},{"taxonomy":"post_tag","embeddable":true,"href":"https:\/\/www.acetaiavillabianca.com\/de\/wp-json\/wp\/v2\/tags?post=2648"}],"curies":[{"name":"wp","href":"https:\/\/api.w.org\/{rel}","templated":true}]}}